{"id":3501,"date":"2026-08-31T12:48:21","date_gmt":"2026-08-31T12:48:21","guid":{"rendered":"https:\/\/delplatagreen.com\/?p=3501"},"modified":"2026-08-31T12:48:22","modified_gmt":"2026-08-31T12:48:22","slug":"empco-las-nuevas-reglas-para-las-afirmaciones-ambientales-en-la-union-europea","status":"publish","type":"post","link":"https:\/\/delplatagreen.com\/en\/empco-las-nuevas-reglas-para-las-afirmaciones-ambientales-en-la-union-europea\/","title":{"rendered":"EmpCo: The new rules for environmental claims in the European Union"},"content":{"rendered":"<p class=\"wp-block-paragraph\">A partir del <strong>27 de septiembre de 2026<\/strong>, cambia el marco para comunicar sostenibilidad en la Uni\u00f3n Europea. Desde esa fecha comienzan a aplicarse las nuevas disposiciones introducidas por la <strong>Directiva (UE) 2024\/825<\/strong>, conocida como <strong>EmpCo \u2014 Empowering Consumers for the Green Transition<\/strong>.<\/p>\n\n\n\n<p class=\"wp-block-paragraph\">La normativa busca fortalecer la protecci\u00f3n de los consumidores frente al greenwashing y otras pr\u00e1cticas comerciales enga\u00f1osas, estableciendo criterios m\u00e1s estrictos sobre la forma en que las empresas comunican el desempe\u00f1o ambiental de sus productos, servicios y actividades.<\/p>\n\n\n\n<p class=\"wp-block-paragraph\">Para las empresas de Am\u00e9rica Latina que comercializan productos o servicios destinados a consumidores de la Uni\u00f3n Europea, esto implica revisar no solamente qu\u00e9 informaci\u00f3n ambiental comunican, sino tambi\u00e9n <strong>qu\u00e9 evidencia existe detr\u00e1s de cada afirmaci\u00f3n<\/strong>.<\/p>\n\n\n\n<h2 id=\"que-cambia-con-empco\" class=\"wp-block-heading\">\u00bfQu\u00e9 cambia con EmpCo?<\/h2>\n\n\n\n<p class=\"wp-block-paragraph\">Uno de los principales objetivos de la Directiva es limitar el uso de afirmaciones ambientales vagas o dif\u00edciles de comprobar.<\/p>\n\n\n\n<p class=\"wp-block-paragraph\">Expresiones como <strong>\u201cverde\u201d<\/strong>, <strong>\u201ceco-friendly\u201d<\/strong>, <strong>\u201crespetuoso con el medio ambiente\u201d<\/strong> o similares no podr\u00e1n utilizarse como afirmaciones ambientales gen\u00e9ricas cuando la empresa no pueda demostrar un desempe\u00f1o ambiental reconocido que resulte pertinente para esa afirmaci\u00f3n.<\/p>\n\n\n\n<p class=\"wp-block-paragraph\">La propia Directiva establece una diferencia importante entre una afirmaci\u00f3n gen\u00e9rica y una espec\u00edfica. No es lo mismo afirmar que un envase es simplemente \u201crespetuoso con el clima\u201d que comunicar, por ejemplo, que el 100 % de la energ\u00eda utilizada para producirlo proviene de fuentes renovables.<\/p>\n\n\n\n<p class=\"wp-block-paragraph\">El cambio de enfoque es significativo: <strong>la sostenibilidad deja de depender \u00fanicamente del mensaje y pasa a depender cada vez m\u00e1s de la capacidad de demostrarlo.<\/strong><\/p>\n\n\n\n<h2 id=\"algunas-practicas-que-quedan-restringidas-o-prohibidas\" class=\"wp-block-heading\">Algunas pr\u00e1cticas que quedan restringidas o prohibidas<\/h2>\n\n\n\n<p class=\"wp-block-paragraph\">Entre los principales cambios introducidos por EmpCo se encuentran:<\/p>\n\n\n\n<ul class=\"wp-block-list\">\n<li><strong>Afirmaciones ambientales gen\u00e9ricas sin respaldo suficiente<\/strong>, como \u201cverde\u201d, \u201cecol\u00f3gico\u201d o \u201csostenible\u201d, cuando no pueda demostrarse un desempe\u00f1o ambiental reconocido y relevante para esa afirmaci\u00f3n.<\/li>\n\n\n\n<li><strong>Distintivos o etiquetas de sostenibilidad propios<\/strong> que no est\u00e9n basados en un sistema de certificaci\u00f3n o establecidos por una autoridad p\u00fablica.<\/li>\n\n\n\n<li><strong>Afirmaciones sobre neutralidad, reducci\u00f3n o impacto clim\u00e1tico positivo de un producto basadas en compensaciones de emisiones fuera de su cadena de valor.<\/strong><\/li>\n\n\n\n<li><strong>Compromisos sobre desempe\u00f1o ambiental futuro<\/strong> \u2014por ejemplo, objetivos clim\u00e1ticos o de reducci\u00f3n de emisiones\u2014 cuando no est\u00e9n respaldados por compromisos claros, objetivos verificables y un plan de implementaci\u00f3n detallado y realista.<\/li>\n<\/ul>\n\n\n\n<p class=\"wp-block-paragraph\">Esto no significa que las empresas no puedan invertir en proyectos ambientales o cr\u00e9ditos de carbono. La Directiva contempla que esas inversiones puedan comunicarse, siempre que la informaci\u00f3n no resulte enga\u00f1osa. Lo que se restringe espec\u00edficamente es utilizarlas para presentar un producto como \u201ccarbono neutral\u201d, de impacto clim\u00e1tico reducido o positivo cuando esa afirmaci\u00f3n depende de compensaciones externas a su propia cadena de valor.<\/p>\n\n\n\n<h2 id=\"de-las-declaraciones-ambientales-a-la-evidencia\" class=\"wp-block-heading\">De las declaraciones ambientales a la evidencia<\/h2>\n\n\n\n<p class=\"wp-block-paragraph\">EmpCo consolida un cambio que ya se observa en los mercados internacionales: las afirmaciones ambientales deben poder sostenerse sobre informaci\u00f3n concreta, consistente y verificable.<\/p>\n\n\n\n<p class=\"wp-block-paragraph\">Para las empresas, esto implica trabajar sobre aspectos como:<\/p>\n\n\n\n<ul class=\"wp-block-list\">\n<li>metodolog\u00edas de medici\u00f3n claramente definidas;<\/li>\n\n\n\n<li>l\u00edmites y supuestos documentados;<\/li>\n\n\n\n<li>informaci\u00f3n verificable que permita respaldar las afirmaciones realizadas;<\/li>\n\n\n\n<li>sistemas de certificaci\u00f3n adecuados cuando se utilizan distintivos de sostenibilidad;<\/li>\n\n\n\n<li>planes concretos y medibles cuando se comunican objetivos ambientales futuros;<\/li>\n\n\n\n<li>trazabilidad de la informaci\u00f3n utilizada para reportar y comunicar desempe\u00f1o ambiental.<\/li>\n<\/ul>\n\n\n\n<p class=\"wp-block-paragraph\">En particular, los compromisos de desempe\u00f1o ambiental futuro deben apoyarse en un plan detallado, con objetivos mensurables y acotados en el tiempo, adem\u00e1s de contar con verificaci\u00f3n peri\u00f3dica por un tercero experto independiente.<\/p>\n\n\n\n<h2 id=\"que-significa-empco-para-las-empresas-latinoamericanas\" class=\"wp-block-heading\">\u00bfQu\u00e9 significa EmpCo para las empresas latinoamericanas?<\/h2>\n\n\n\n<p class=\"wp-block-paragraph\">La normativa europea no es un tema exclusivamente europeo.<\/p>\n\n\n\n<p class=\"wp-block-paragraph\">Las empresas latinoamericanas que participan de cadenas de valor internacionales, exportan al mercado europeo o comunican atributos ambientales de productos destinados a consumidores de la Uni\u00f3n Europea deber\u00e1n prestar cada vez m\u00e1s atenci\u00f3n a la calidad de la informaci\u00f3n que respalda esas comunicaciones.<\/p>\n\n\n\n<p class=\"wp-block-paragraph\">Esto puede involucrar desde una declaraci\u00f3n incluida en el packaging hasta afirmaciones presentes en sitios web, campa\u00f1as publicitarias, materiales comerciales o compromisos p\u00fablicos de sostenibilidad.<\/p>\n\n\n\n<p class=\"wp-block-paragraph\">Por eso, prepararse para este nuevo escenario no consiste simplemente en revisar palabras como \u201cverde\u201d o \u201csostenible\u201d. El desaf\u00edo es construir <strong>un sistema de informaci\u00f3n ambiental capaz de respaldar aquello que la empresa comunica<\/strong>.<\/p>\n\n\n\n<h2 id=\"la-pregunta-ya-no-es-que-decimos-sino-que-podemos-demostrar\" class=\"wp-block-heading\">La pregunta ya no es qu\u00e9 decimos, sino qu\u00e9 podemos demostrar<\/h2>\n\n\n\n<p class=\"wp-block-paragraph\">El 27 de septiembre de 2026 marca un nuevo escenario para la comunicaci\u00f3n ambiental dirigida a consumidores europeos.<\/p>\n\n\n\n<p class=\"wp-block-paragraph\">La credibilidad deja de construirse solamente a partir del relato. Cada vez m\u00e1s, depende de contar con mediciones, metodolog\u00edas, documentaci\u00f3n y evidencia que permitan sostener las afirmaciones realizadas.<\/p>\n\n\n\n<p class=\"wp-block-paragraph\">At <strong>DelPlata Green<\/strong> acompa\u00f1amos a empresas de Am\u00e9rica Latina en este proceso mediante <strong><a href=\"https:\/\/delplatagreen.com\/en\/medicion-ambiental\/\" data-type=\"page\" data-id=\"1208\">medici\u00f3n de huella ambiental<\/a>, <a href=\"https:\/\/delplatagreen.com\/en\/reportes-de-sostenibilidad\/\" data-type=\"page\" data-id=\"1233\">reporting ESG<\/a> y herramientas de trazabilidad<\/strong>, utilizando tecnolog\u00eda de <strong>ZeroCarbon.One<\/strong>.<\/p>\n\n\n\n<p class=\"wp-block-paragraph\">Septiembre de 2026 est\u00e1 cada vez m\u00e1s cerca.<\/p>\n\n\n\n<p class=\"wp-block-paragraph\"><strong>\u00bfTu empresa cuenta con la informaci\u00f3n necesaria para demostrar aquello que comunica sobre su desempe\u00f1o ambiental?<\/strong><\/p>\n\n\n\n<p class=\"wp-block-paragraph\"><\/p>","protected":false},"excerpt":{"rendered":"<p>A partir del 27 de septiembre de 2026, cambia el marco para comunicar sostenibilidad en la Uni\u00f3n Europea. Desde esa fecha comienzan a aplicarse las nuevas disposiciones introducidas por la Directiva (UE) 2024\/825, conocida como EmpCo \u2014 Empowering Consumers for the Green Transition. La normativa busca fortalecer la protecci\u00f3n de los consumidores frente al greenwashing [&hellip;]<\/p>\n","protected":false},"author":3,"featured_media":3502,"comment_status":"closed","ping_status":"closed","sticky":false,"template":"","format":"standard","meta":{"_gspb_post_css":"","footnotes":""},"categories":[117,110],"tags":[188,118,169,190,54,123,21,189,191,192],"class_list":["post-3501","post","type-post","status-publish","format-standard","has-post-thumbnail","hentry","category-huella-ambiental-reporting-esg","category-reportes-esg-y-cumplimiento","tag-empco","tag-esg","tag-greenwashing","tag-huella-ambiental","tag-huella-de-carbono","tag-net-zero","tag-sostenibilidad","tag-transparencia","tag-union-europea","tag-zerocarbonone"],"blocksy_meta":{"styles_descriptor":{"styles":{"desktop":"","tablet":"","mobile":""},"google_fonts":[],"version":7}},"_links":{"self":[{"href":"https:\/\/delplatagreen.com\/en\/wp-json\/wp\/v2\/posts\/3501","targetHints":{"allow":["GET"]}}],"collection":[{"href":"https:\/\/delplatagreen.com\/en\/wp-json\/wp\/v2\/posts"}],"about":[{"href":"https:\/\/delplatagreen.com\/en\/wp-json\/wp\/v2\/types\/post"}],"author":[{"embeddable":true,"href":"https:\/\/delplatagreen.com\/en\/wp-json\/wp\/v2\/users\/3"}],"replies":[{"embeddable":true,"href":"https:\/\/delplatagreen.com\/en\/wp-json\/wp\/v2\/comments?post=3501"}],"version-history":[{"count":1,"href":"https:\/\/delplatagreen.com\/en\/wp-json\/wp\/v2\/posts\/3501\/revisions"}],"predecessor-version":[{"id":3503,"href":"https:\/\/delplatagreen.com\/en\/wp-json\/wp\/v2\/posts\/3501\/revisions\/3503"}],"wp:featuredmedia":[{"embeddable":true,"href":"https:\/\/delplatagreen.com\/en\/wp-json\/wp\/v2\/media\/3502"}],"wp:attachment":[{"href":"https:\/\/delplatagreen.com\/en\/wp-json\/wp\/v2\/media?parent=3501"}],"wp:term":[{"taxonomy":"category","embeddable":true,"href":"https:\/\/delplatagreen.com\/en\/wp-json\/wp\/v2\/categories?post=3501"},{"taxonomy":"post_tag","embeddable":true,"href":"https:\/\/delplatagreen.com\/en\/wp-json\/wp\/v2\/tags?post=3501"}],"curies":[{"name":"wp","href":"https:\/\/api.w.org\/{rel}","templated":true}]}}